{"id":1018,"date":"2021-08-26T11:47:14","date_gmt":"2021-08-26T11:47:14","guid":{"rendered":"https:\/\/site.juntatavarede.pt\/?p=1018"},"modified":"2026-03-04T12:17:07","modified_gmt":"2026-03-04T12:17:07","slug":"loja-social","status":"publish","type":"post","link":"https:\/\/site.juntatavarede.pt\/?p=1018","title":{"rendered":"Loja Social"},"content":{"rendered":"\n<p><\/p>\n\n\n\n<p><strong>Loja Social<\/strong><\/p>\n\n\n\n<p><strong>&nbsp;O Que \u00e9?<\/strong><\/p>\n\n\n\n<p><strong>&nbsp;&nbsp;<\/strong>Medida de apoio social \u00e0 popula\u00e7\u00e3o da freguesia de&nbsp;Tavarede&nbsp;com o objectivo de promover e contribuir&nbsp;para a melhoria das condi\u00e7\u00f5es de vida das fam\u00edlias&nbsp;em situa\u00e7\u00e3o de maior vulnerabilidade , atrav\u00e9s da atribui\u00e7\u00e3o&nbsp;gratuita de bens de 1\u00aa necessidade.<\/p>\n\n\n\n<p><strong>&nbsp;A Quem se Destina<\/strong><\/p>\n\n\n\n<p>&nbsp;Pessoas que se encontrem numa situa\u00e7\u00e3o de comprovada car\u00eancia econ\u00f3mica, residentes na Freguesia de Tavarede.<\/p>\n\n\n\n<p><strong>&nbsp;Tipos de Bens<\/strong><\/p>\n\n\n\n<p>&nbsp;&#8211; Vestu\u00e1rio<\/p>\n\n\n\n<p>&nbsp;&#8211; Cal\u00e7ado\/Acess\u00f3rios<\/p>\n\n\n\n<p>&nbsp;&#8211; Brinquedos<\/p>\n\n\n\n<p>&nbsp;&#8211; T\u00eaxtil Lar<\/p>\n\n\n\n<p>&nbsp;&#8211; Bens Alimentares (pontualmente)<\/p>\n\n\n\n<p><strong>&nbsp;Hor\u00e1rio<\/strong><\/p>\n\n\n\n<p><strong>&nbsp;1\u00aa e 3\u00aa Quarta feira de cada m\u00eas<\/strong><\/p>\n\n\n\n<p><strong>&nbsp;14:30h \u00e0s 16:30h<\/strong><\/p>\n\n\n\n<p><strong>\u00a0Localiza\u00e7\u00e3o e Contactos<\/strong><\/p>\n\n\n\n<p>&nbsp;Junta de Freguesia de Tavarede<\/p>\n\n\n\n<p>&nbsp;Tel. 233 401 400<\/p>\n\n\n\n<p><\/p>\n\n\n\n<p><\/p>\n\n\n\n<p><\/p>\n\n\n\n<p><\/p>\n\n\n\n<p>\u00a0<\/p>\n\n\n\n<p><\/p>\n","protected":false},"excerpt":{"rendered":"<p>Loja Social &nbsp;O Que \u00e9? &nbsp;&nbsp;Medida de apoio social \u00e0 popula\u00e7\u00e3o da freguesia de&nbsp;Tavarede&nbsp;com o objectivo de promover e contribuir&nbsp;para a melhoria das condi\u00e7\u00f5es de vida das fam\u00edlias&nbsp;em situa\u00e7\u00e3o de maior vulnerabilidade , atrav\u00e9s da atribui\u00e7\u00e3o&nbsp;gratuita de bens de 1\u00aa necessidade. &nbsp;A Quem se Destina &nbsp;Pessoas que se encontrem numa<\/p>\n","protected":false},"author":1,"featured_media":0,"comment_status":"closed","ping_status":"closed","sticky":false,"template":"","format":"standard","meta":{"footnotes":""},"categories":[3],"tags":[],"class_list":["post-1018","post","type-post","status-publish","format-standard","hentry","category-comissaosocial"],"_links":{"self":[{"href":"https:\/\/site.juntatavarede.pt\/index.php?rest_route=\/wp\/v2\/posts\/1018","targetHints":{"allow":["GET"]}}],"collection":[{"href":"https:\/\/site.juntatavarede.pt\/index.php?rest_route=\/wp\/v2\/posts"}],"about":[{"href":"https:\/\/site.juntatavarede.pt\/index.php?rest_route=\/wp\/v2\/types\/post"}],"author":[{"embeddable":true,"href":"https:\/\/site.juntatavarede.pt\/index.php?rest_route=\/wp\/v2\/users\/1"}],"replies":[{"embeddable":true,"href":"https:\/\/site.juntatavarede.pt\/index.php?rest_route=%2Fwp%2Fv2%2Fcomments&post=1018"}],"version-history":[{"count":4,"href":"https:\/\/site.juntatavarede.pt\/index.php?rest_route=\/wp\/v2\/posts\/1018\/revisions"}],"predecessor-version":[{"id":3312,"href":"https:\/\/site.juntatavarede.pt\/index.php?rest_route=\/wp\/v2\/posts\/1018\/revisions\/3312"}],"wp:attachment":[{"href":"https:\/\/site.juntatavarede.pt\/index.php?rest_route=%2Fwp%2Fv2%2Fmedia&parent=1018"}],"wp:term":[{"taxonomy":"category","embeddable":true,"href":"https:\/\/site.juntatavarede.pt\/index.php?rest_route=%2Fwp%2Fv2%2Fcategories&post=1018"},{"taxonomy":"post_tag","embeddable":true,"href":"https:\/\/site.juntatavarede.pt\/index.php?rest_route=%2Fwp%2Fv2%2Ftags&post=1018"}],"curies":[{"name":"wp","href":"https:\/\/api.w.org\/{rel}","templated":true}]}}