{"id":1558,"date":"2022-01-04T17:32:09","date_gmt":"2022-01-04T17:32:09","guid":{"rendered":"https:\/\/site.juntatavarede.pt\/?p=1558"},"modified":"2026-03-11T12:12:29","modified_gmt":"2026-03-11T12:12:29","slug":"figueira-a-sorrir","status":"publish","type":"post","link":"https:\/\/site.juntatavarede.pt\/?p=1558","title":{"rendered":"Figueira a Sorrir"},"content":{"rendered":"\n<div class=\"wp-block-group\"><div class=\"wp-block-group__inner-container is-layout-flow wp-block-group-is-layout-flow\">\n<p>Candidaturas ao Programa Municipal \u00abFigueira a Sorrir\u00bb.<\/p>\n\n\n\n<p>S\u00e3o destinat\u00e1rios\/as deste Programa os mun\u00edcipes com comprovada insufici\u00eancia econ\u00f3mica n\u00e3o abrangidos pelo Programa Nacional de Promo\u00e7\u00e3o de Sa\u00fade Oral, sendo eleg\u00edveis os seguintes tratamentos: tratamento\/restaura\u00e7\u00e3o; destartariza\u00e7\u00e3o; desvitaliza\u00e7\u00e3o e extra\u00e7\u00e3o; pr\u00f3teses dent\u00e1rias.<\/p>\n\n\n\n<p>Constitui objetivo do \u00abFigueira a Sorrir\u00bb \u201ccontribuir para a melhoria da qualidade de vida e para a promo\u00e7\u00e3o da sa\u00fade oral dos mun\u00edcipes da Figueira da Foz em situa\u00e7\u00e3o de insufici\u00eancia econ\u00f3mica\u201d.<\/p>\n\n\n\n<p>Os\/as interessados\/as podem consultar o &nbsp;Regulamento do Programa e descarregar o formul\u00e1rio de candidatura em <a href=\"https:\/\/www.cm-figfoz.pt\/pages\/975\">https:\/\/www.cm-figfoz.pt\/pages\/975<\/a> &nbsp;ou, caso necessitem de mais informa\u00e7\u00e3o, contactar os servi\u00e7os da Divis\u00e3o de Educa\u00e7\u00e3o e Assuntos Sociais atrav\u00e9s do 233 401860 ou <a href=\"mailto:assuntos.sociais@cm-figfoz.pt\">assuntos.sociais@cm-figfoz.pt<\/a> .<\/p>\n<\/div><\/div>\n\n\n\n<figure class=\"wp-block-image size-full\"><img loading=\"lazy\" decoding=\"async\" width=\"400\" height=\"561\" src=\"https:\/\/site.juntatavarede.pt\/wp-content\/uploads\/2022\/01\/figueira_sorrir2_1_980_2500.jpg\" alt=\"\" class=\"wp-image-3296\" srcset=\"https:\/\/site.juntatavarede.pt\/wp-content\/uploads\/2022\/01\/figueira_sorrir2_1_980_2500.jpg 400w, https:\/\/site.juntatavarede.pt\/wp-content\/uploads\/2022\/01\/figueira_sorrir2_1_980_2500-214x300.jpg 214w\" sizes=\"auto, (max-width: 400px) 100vw, 400px\" \/><\/figure>\n","protected":false},"excerpt":{"rendered":"<p>Candidaturas ao Programa Municipal \u00abFigueira a Sorrir\u00bb. S\u00e3o destinat\u00e1rios\/as deste Programa os mun\u00edcipes com comprovada insufici\u00eancia econ\u00f3mica n\u00e3o abrangidos pelo Programa Nacional de Promo\u00e7\u00e3o de Sa\u00fade Oral, sendo eleg\u00edveis os seguintes tratamentos: tratamento\/restaura\u00e7\u00e3o; destartariza\u00e7\u00e3o; desvitaliza\u00e7\u00e3o e extra\u00e7\u00e3o; pr\u00f3teses dent\u00e1rias. Constitui objetivo do \u00abFigueira a Sorrir\u00bb \u201ccontribuir para a melhoria da<\/p>\n","protected":false},"author":2,"featured_media":1559,"comment_status":"closed","ping_status":"open","sticky":false,"template":"","format":"standard","meta":{"footnotes":""},"categories":[3],"tags":[],"class_list":["post-1558","post","type-post","status-publish","format-standard","has-post-thumbnail","hentry","category-comissaosocial"],"_links":{"self":[{"href":"https:\/\/site.juntatavarede.pt\/index.php?rest_route=\/wp\/v2\/posts\/1558","targetHints":{"allow":["GET"]}}],"collection":[{"href":"https:\/\/site.juntatavarede.pt\/index.php?rest_route=\/wp\/v2\/posts"}],"about":[{"href":"https:\/\/site.juntatavarede.pt\/index.php?rest_route=\/wp\/v2\/types\/post"}],"author":[{"embeddable":true,"href":"https:\/\/site.juntatavarede.pt\/index.php?rest_route=\/wp\/v2\/users\/2"}],"replies":[{"embeddable":true,"href":"https:\/\/site.juntatavarede.pt\/index.php?rest_route=%2Fwp%2Fv2%2Fcomments&post=1558"}],"version-history":[{"count":4,"href":"https:\/\/site.juntatavarede.pt\/index.php?rest_route=\/wp\/v2\/posts\/1558\/revisions"}],"predecessor-version":[{"id":3298,"href":"https:\/\/site.juntatavarede.pt\/index.php?rest_route=\/wp\/v2\/posts\/1558\/revisions\/3298"}],"wp:featuredmedia":[{"embeddable":true,"href":"https:\/\/site.juntatavarede.pt\/index.php?rest_route=\/wp\/v2\/media\/1559"}],"wp:attachment":[{"href":"https:\/\/site.juntatavarede.pt\/index.php?rest_route=%2Fwp%2Fv2%2Fmedia&parent=1558"}],"wp:term":[{"taxonomy":"category","embeddable":true,"href":"https:\/\/site.juntatavarede.pt\/index.php?rest_route=%2Fwp%2Fv2%2Fcategories&post=1558"},{"taxonomy":"post_tag","embeddable":true,"href":"https:\/\/site.juntatavarede.pt\/index.php?rest_route=%2Fwp%2Fv2%2Ftags&post=1558"}],"curies":[{"name":"wp","href":"https:\/\/api.w.org\/{rel}","templated":true}]}}