{"id":1835,"date":"2022-04-29T14:08:06","date_gmt":"2022-04-29T14:08:06","guid":{"rendered":"https:\/\/site.juntatavarede.pt\/?p=1835"},"modified":"2026-04-16T10:05:04","modified_gmt":"2026-04-16T10:05:04","slug":"edital-vacinacao-antirrabica-no-concelho-da-figueira-da-foz","status":"publish","type":"post","link":"https:\/\/site.juntatavarede.pt\/?p=1835","title":{"rendered":"Edital  Vacina\u00e7\u00e3o Antirr\u00e1bica no concelho da Figueira da Foz &#8211; Ano 2025"},"content":{"rendered":"\n<figure class=\"wp-block-image size-large\"><img loading=\"lazy\" decoding=\"async\" width=\"724\" height=\"1024\" src=\"https:\/\/site.juntatavarede.pt\/wp-content\/uploads\/2022\/04\/vacinacao-2026_1-724x1024.jpg\" alt=\"\" class=\"wp-image-3418\" srcset=\"https:\/\/site.juntatavarede.pt\/wp-content\/uploads\/2022\/04\/vacinacao-2026_1-724x1024.jpg 724w, https:\/\/site.juntatavarede.pt\/wp-content\/uploads\/2022\/04\/vacinacao-2026_1-212x300.jpg 212w, https:\/\/site.juntatavarede.pt\/wp-content\/uploads\/2022\/04\/vacinacao-2026_1-768x1086.jpg 768w, https:\/\/site.juntatavarede.pt\/wp-content\/uploads\/2022\/04\/vacinacao-2026_1-1086x1536.jpg 1086w, https:\/\/site.juntatavarede.pt\/wp-content\/uploads\/2022\/04\/vacinacao-2026_1.jpg 1241w\" sizes=\"auto, (max-width: 724px) 100vw, 724px\" \/><\/figure>\n\n\n\n<figure class=\"wp-block-image size-large\"><img loading=\"lazy\" decoding=\"async\" width=\"724\" height=\"1024\" src=\"https:\/\/site.juntatavarede.pt\/wp-content\/uploads\/2022\/04\/vacinacao-2026_2-724x1024.jpg\" alt=\"\" class=\"wp-image-3419\" srcset=\"https:\/\/site.juntatavarede.pt\/wp-content\/uploads\/2022\/04\/vacinacao-2026_2-724x1024.jpg 724w, https:\/\/site.juntatavarede.pt\/wp-content\/uploads\/2022\/04\/vacinacao-2026_2-212x300.jpg 212w, https:\/\/site.juntatavarede.pt\/wp-content\/uploads\/2022\/04\/vacinacao-2026_2-768x1086.jpg 768w, https:\/\/site.juntatavarede.pt\/wp-content\/uploads\/2022\/04\/vacinacao-2026_2-1086x1536.jpg 1086w, https:\/\/site.juntatavarede.pt\/wp-content\/uploads\/2022\/04\/vacinacao-2026_2.jpg 1241w\" sizes=\"auto, (max-width: 724px) 100vw, 724px\" \/><\/figure>\n\n\n\n<figure class=\"wp-block-image size-large\"><img loading=\"lazy\" decoding=\"async\" width=\"724\" height=\"1024\" src=\"https:\/\/site.juntatavarede.pt\/wp-content\/uploads\/2022\/04\/vacinacao-2026_3-724x1024.jpg\" alt=\"\" class=\"wp-image-3420\" srcset=\"https:\/\/site.juntatavarede.pt\/wp-content\/uploads\/2022\/04\/vacinacao-2026_3-724x1024.jpg 724w, https:\/\/site.juntatavarede.pt\/wp-content\/uploads\/2022\/04\/vacinacao-2026_3-212x300.jpg 212w, https:\/\/site.juntatavarede.pt\/wp-content\/uploads\/2022\/04\/vacinacao-2026_3-768x1086.jpg 768w, https:\/\/site.juntatavarede.pt\/wp-content\/uploads\/2022\/04\/vacinacao-2026_3-1086x1536.jpg 1086w, https:\/\/site.juntatavarede.pt\/wp-content\/uploads\/2022\/04\/vacinacao-2026_3.jpg 1241w\" sizes=\"auto, (max-width: 724px) 100vw, 724px\" \/><\/figure>\n\n\n\n<figure class=\"wp-block-image size-large\"><img loading=\"lazy\" decoding=\"async\" width=\"724\" height=\"1024\" src=\"https:\/\/site.juntatavarede.pt\/wp-content\/uploads\/2022\/04\/vacinacao-2026_4-724x1024.jpg\" alt=\"\" class=\"wp-image-3421\" srcset=\"https:\/\/site.juntatavarede.pt\/wp-content\/uploads\/2022\/04\/vacinacao-2026_4-724x1024.jpg 724w, https:\/\/site.juntatavarede.pt\/wp-content\/uploads\/2022\/04\/vacinacao-2026_4-212x300.jpg 212w, https:\/\/site.juntatavarede.pt\/wp-content\/uploads\/2022\/04\/vacinacao-2026_4-768x1086.jpg 768w, https:\/\/site.juntatavarede.pt\/wp-content\/uploads\/2022\/04\/vacinacao-2026_4-1086x1536.jpg 1086w, https:\/\/site.juntatavarede.pt\/wp-content\/uploads\/2022\/04\/vacinacao-2026_4.jpg 1241w\" sizes=\"auto, (max-width: 724px) 100vw, 724px\" \/><\/figure>\n","protected":false},"excerpt":{"rendered":"","protected":false},"author":2,"featured_media":0,"comment_status":"closed","ping_status":"open","sticky":false,"template":"","format":"standard","meta":{"footnotes":""},"categories":[29],"tags":[],"class_list":["post-1835","post","type-post","status-publish","format-standard","hentry","category-freguesia"],"_links":{"self":[{"href":"https:\/\/site.juntatavarede.pt\/index.php?rest_route=\/wp\/v2\/posts\/1835","targetHints":{"allow":["GET"]}}],"collection":[{"href":"https:\/\/site.juntatavarede.pt\/index.php?rest_route=\/wp\/v2\/posts"}],"about":[{"href":"https:\/\/site.juntatavarede.pt\/index.php?rest_route=\/wp\/v2\/types\/post"}],"author":[{"embeddable":true,"href":"https:\/\/site.juntatavarede.pt\/index.php?rest_route=\/wp\/v2\/users\/2"}],"replies":[{"embeddable":true,"href":"https:\/\/site.juntatavarede.pt\/index.php?rest_route=%2Fwp%2Fv2%2Fcomments&post=1835"}],"version-history":[{"count":6,"href":"https:\/\/site.juntatavarede.pt\/index.php?rest_route=\/wp\/v2\/posts\/1835\/revisions"}],"predecessor-version":[{"id":3422,"href":"https:\/\/site.juntatavarede.pt\/index.php?rest_route=\/wp\/v2\/posts\/1835\/revisions\/3422"}],"wp:attachment":[{"href":"https:\/\/site.juntatavarede.pt\/index.php?rest_route=%2Fwp%2Fv2%2Fmedia&parent=1835"}],"wp:term":[{"taxonomy":"category","embeddable":true,"href":"https:\/\/site.juntatavarede.pt\/index.php?rest_route=%2Fwp%2Fv2%2Fcategories&post=1835"},{"taxonomy":"post_tag","embeddable":true,"href":"https:\/\/site.juntatavarede.pt\/index.php?rest_route=%2Fwp%2Fv2%2Ftags&post=1835"}],"curies":[{"name":"wp","href":"https:\/\/api.w.org\/{rel}","templated":true}]}}