{"id":2966,"date":"2025-05-22T08:26:47","date_gmt":"2025-05-22T08:26:47","guid":{"rendered":"https:\/\/site.juntatavarede.pt\/?p=2966"},"modified":"2026-03-11T12:09:06","modified_gmt":"2026-03-11T12:09:06","slug":"procedimentos-concursais","status":"publish","type":"post","link":"https:\/\/site.juntatavarede.pt\/?p=2966","title":{"rendered":"Procedimentos Concursais"},"content":{"rendered":"\n<div class=\"wp-block-file\"><a id=\"wp-block-file--media-b3c39618-86c6-4455-81ae-c7d599c70288\" href=\"https:\/\/site.juntatavarede.pt\/wp-content\/uploads\/2025\/05\/1_Aviso-Abertura-de-procedimento-concursal.pdf\" target=\"_blank\" rel=\"noreferrer noopener\">1_Aviso Abertura de procedimento concursal<\/a><\/div>\n\n\n\n<p>Data de In\u00edcio de Submiss\u00e3o de Candidaturas: 22 de maio de 2025<\/p>\n\n\n\n<p>Data de Fim de Submiss\u00e3o de Candidaturas: 5 de junho de 2025<\/p>\n\n\n\n<p><\/p>\n\n\n\n<p>Atas<\/p>\n\n\n\n<div class=\"wp-block-file\"><a id=\"wp-block-file--media-336d105b-2587-4471-ba6c-cf370270ae52\" href=\"https:\/\/site.juntatavarede.pt\/wp-content\/uploads\/2025\/05\/2_Ata-do-Juri-No1-Ref-A.pdf\" target=\"_blank\" rel=\"noreferrer noopener\">Ata do J\u00fari N\u00ba1 &#8211; Ref\u00aa A<\/a><\/div>\n\n\n\n<div class=\"wp-block-file\"><a id=\"wp-block-file--media-3b64d67c-4913-47ae-8334-eb20f3dd4b9d\" href=\"https:\/\/site.juntatavarede.pt\/wp-content\/uploads\/2025\/05\/Ata-No2.pdf\" target=\"_blank\" rel=\"noreferrer noopener\">Ata do J\u00fari N\u00ba2 &#8211; Ref\u00aa A<\/a><\/div>\n\n\n\n<div class=\"wp-block-file\"><a id=\"wp-block-file--media-b919137c-5a61-4336-9f3a-38b00ae229a7\" href=\"https:\/\/site.juntatavarede.pt\/wp-content\/uploads\/2025\/05\/Ata-No3_Refa-A.pdf\" target=\"_blank\" rel=\"noreferrer noopener\">Ata do J\u00fari N\u00ba3- Ref\u00aa A<\/a><\/div>\n\n\n\n<div class=\"wp-block-file\"><a id=\"wp-block-file--media-c971df32-12e0-4b47-934f-c726a84891ca\" href=\"https:\/\/site.juntatavarede.pt\/wp-content\/uploads\/2025\/05\/Ata-do-Juri-No-4-Refa-A.pdf\">Ata do J\u00fari N\u00ba 4-Ref\u00aa A<\/a><\/div>\n\n\n\n<div class=\"wp-block-file\"><a id=\"wp-block-file--media-b995f340-7b6e-41b7-8589-b148df58b3d3\" href=\"https:\/\/site.juntatavarede.pt\/wp-content\/uploads\/2025\/05\/Ata-do-Juri-No-5-Refa-A-1.pdf\" target=\"_blank\" rel=\"noreferrer noopener\">Ata do J\u00fari N\u00ba 5-Ref\u00aa A<\/a><\/div>\n\n\n\n<div class=\"wp-block-file\"><a id=\"wp-block-file--media-3aadab58-d655-4e0f-88e1-33bdb3930d08\" href=\"https:\/\/site.juntatavarede.pt\/wp-content\/uploads\/2025\/05\/Aviso-1.pdf\" target=\"_blank\" rel=\"noreferrer noopener\">Aviso<\/a><\/div>\n\n\n\n<div class=\"wp-block-file\"><a id=\"wp-block-file--media-057d94cf-0505-4d5c-b3e3-46d1204af297\" href=\"https:\/\/site.juntatavarede.pt\/wp-content\/uploads\/2025\/05\/Lista-Ordenacap-Final_Refa-A.pdf\" target=\"_blank\" rel=\"noreferrer noopener\">Lista Ordena\u00e7\u00e3o Final_Ref\u00aa A<\/a><\/div>\n\n\n\n<p>___________________________________________________________________________________________<\/p>\n\n\n\n<div class=\"wp-block-file\"><a id=\"wp-block-file--media-d0957874-871b-4e41-9611-4c14454cc5c9\" href=\"https:\/\/site.juntatavarede.pt\/wp-content\/uploads\/2025\/05\/3_Ata-do-Juri-No1-Ref-B.pdf\" target=\"_blank\" rel=\"noreferrer noopener\"><br><br>Ata do J\u00fari N\u00ba1 &#8211; Ref\u00aa B<\/a><\/div>\n\n\n\n<div class=\"wp-block-file\"><a id=\"wp-block-file--media-12057db4-14e9-4df0-af9a-74ac9a62cf2f\" href=\"https:\/\/site.juntatavarede.pt\/wp-content\/uploads\/2025\/05\/Ata-do-Juri-No2-Refa-B.pdf\" target=\"_blank\" rel=\"noreferrer noopener\">Ata do J\u00fari N\u00ba2 &#8211; Ref\u00aa B<\/a><\/div>\n\n\n\n<div class=\"wp-block-file\"><a id=\"wp-block-file--media-9f764c18-0014-4941-8be2-f45d059b707e\" href=\"https:\/\/site.juntatavarede.pt\/wp-content\/uploads\/2025\/05\/Ata-do-Juri-N.o3-RefaB.pdf\" target=\"_blank\" rel=\"noreferrer noopener\">Ata do J\u00fari N\u00ba3 &#8211; Ref\u00aaB<\/a><\/div>\n\n\n\n<div class=\"wp-block-file\"><a id=\"wp-block-file--media-521850ea-cf8f-4cda-942f-6db4c3851037\" href=\"https:\/\/site.juntatavarede.pt\/wp-content\/uploads\/2025\/05\/Ata-do-Juri-N.o4-Refa-B.pdf\" target=\"_blank\" rel=\"noreferrer noopener\">Ata do J\u00fari N.\u00ba4 &#8211; Ref\u00aa B<\/a><\/div>\n\n\n\n<div class=\"wp-block-file\"><a id=\"wp-block-file--media-0d056d0c-2d2b-4f46-ba8e-850b2068e4e7\" href=\"https:\/\/site.juntatavarede.pt\/wp-content\/uploads\/2025\/05\/Ata-N.o5_Ref-B.pdf\" target=\"_blank\" rel=\"noreferrer noopener\">Ata do J\u00fari N.\u00ba5_Ref\u00aa B<\/a><\/div>\n\n\n\n<div class=\"wp-block-file\"><a id=\"wp-block-file--media-a5c4dbf0-654d-45d5-8bc6-ad280c40c57b\" href=\"https:\/\/site.juntatavarede.pt\/wp-content\/uploads\/2025\/05\/Aviso.pdf\" target=\"_blank\" rel=\"noreferrer noopener\">Aviso<\/a><\/div>\n\n\n\n<div class=\"wp-block-file\"><a id=\"wp-block-file--media-1aa9a744-fedd-4959-a336-a077b0d768bd\" href=\"https:\/\/site.juntatavarede.pt\/wp-content\/uploads\/2025\/05\/Lista-de-Ordenacao-Final.pdf\" target=\"_blank\" rel=\"noreferrer noopener\">Lista de Ordena\u00e7\u00e3o Final &#8211; Ref\u00aa_B<\/a><\/div>\n\n\n\n<p>Formul\u00e1rios<\/p>\n\n\n\n<div class=\"wp-block-file\"><a id=\"wp-block-file--media-35c03fe8-aaac-448f-91b8-4167806968f4\" href=\"https:\/\/site.juntatavarede.pt\/wp-content\/uploads\/2025\/05\/4_Formulario_Candidatura_Procedimento_Concursal.pdf\" target=\"_blank\" rel=\"noreferrer noopener\">4_Formulario_Candidatura_Procedimento_Concursal<\/a><\/div>\n\n\n\n<div class=\"wp-block-file\"><a id=\"wp-block-file--media-b821ba7d-a360-46d9-9603-7d74d3dbc45f\" href=\"https:\/\/site.juntatavarede.pt\/wp-content\/uploads\/2025\/05\/5_Formulario-de-audiencia-de-interessados.pdf\" target=\"_blank\" rel=\"noreferrer noopener\">5_Formul\u00e1rio de audi\u00eancia de interessados<\/a><\/div>\n\n\n\n<p><\/p>\n","protected":false},"excerpt":{"rendered":"<p>Data de In\u00edcio de Submiss\u00e3o de Candidaturas: 22 de maio de 2025 Data de Fim de Submiss\u00e3o de Candidaturas: 5 de junho de 2025 Atas ___________________________________________________________________________________________ Formul\u00e1rios<\/p>\n","protected":false},"author":2,"featured_media":2973,"comment_status":"open","ping_status":"open","sticky":false,"template":"","format":"standard","meta":{"footnotes":""},"categories":[29],"tags":[],"class_list":["post-2966","post","type-post","status-publish","format-standard","has-post-thumbnail","hentry","category-freguesia"],"_links":{"self":[{"href":"https:\/\/site.juntatavarede.pt\/index.php?rest_route=\/wp\/v2\/posts\/2966","targetHints":{"allow":["GET"]}}],"collection":[{"href":"https:\/\/site.juntatavarede.pt\/index.php?rest_route=\/wp\/v2\/posts"}],"about":[{"href":"https:\/\/site.juntatavarede.pt\/index.php?rest_route=\/wp\/v2\/types\/post"}],"author":[{"embeddable":true,"href":"https:\/\/site.juntatavarede.pt\/index.php?rest_route=\/wp\/v2\/users\/2"}],"replies":[{"embeddable":true,"href":"https:\/\/site.juntatavarede.pt\/index.php?rest_route=%2Fwp%2Fv2%2Fcomments&post=2966"}],"version-history":[{"count":16,"href":"https:\/\/site.juntatavarede.pt\/index.php?rest_route=\/wp\/v2\/posts\/2966\/revisions"}],"predecessor-version":[{"id":3113,"href":"https:\/\/site.juntatavarede.pt\/index.php?rest_route=\/wp\/v2\/posts\/2966\/revisions\/3113"}],"wp:featuredmedia":[{"embeddable":true,"href":"https:\/\/site.juntatavarede.pt\/index.php?rest_route=\/wp\/v2\/media\/2973"}],"wp:attachment":[{"href":"https:\/\/site.juntatavarede.pt\/index.php?rest_route=%2Fwp%2Fv2%2Fmedia&parent=2966"}],"wp:term":[{"taxonomy":"category","embeddable":true,"href":"https:\/\/site.juntatavarede.pt\/index.php?rest_route=%2Fwp%2Fv2%2Fcategories&post=2966"},{"taxonomy":"post_tag","embeddable":true,"href":"https:\/\/site.juntatavarede.pt\/index.php?rest_route=%2Fwp%2Fv2%2Ftags&post=2966"}],"curies":[{"name":"wp","href":"https:\/\/api.w.org\/{rel}","templated":true}]}}